{"id":353,"date":"2023-10-27T14:06:10","date_gmt":"2023-10-27T12:06:10","guid":{"rendered":"https:\/\/iaforall.net\/?p=353"},"modified":"2026-04-27T12:23:31","modified_gmt":"2026-04-27T10:23:31","slug":"wokisme-et-intelligence-artificielle-un-dialogue-entre-ideaux-et-technologie","status":"publish","type":"post","link":"https:\/\/iaforall.net\/?p=353","title":{"rendered":"Wokisme et Intelligence Artificielle : Un Dialogue Entre Id\u00e9aux et Technologie"},"content":{"rendered":"\n<p>Dans un monde o\u00f9 <strong>l&rsquo;intelligence artificielle<\/strong> (IA) continue d&rsquo;\u00e9voluer, l<strong>e d\u00e9bat sur les id\u00e9ologies <\/strong>\u00ab\u00a0woke\u00a0\u00bb et leur impact sur le d\u00e9veloppement de l&rsquo;IA gagne en importance. <strong>Elon Musk<\/strong>, un entrepreneur connu pour son penchant pour l&rsquo;innovation, a r\u00e9cemment jet\u00e9 un \u00e9clairage sur cette interaction, \u00e9voquant un li<strong>en entre les id\u00e9ologies \u00ab\u00a0woke\u00a0\u00bb et l&rsquo;IA<\/strong>. Selon lui, cette liaison pourrait avoir des cons\u00e9quences majeures sur la libert\u00e9 d&rsquo;expression et les interactions sociales, tant en ligne que dans la r\u00e9alit\u00e9.<\/p>\n\n\n\n<figure class=\"wp-block-image size-full\"><img loading=\"lazy\" decoding=\"async\" width=\"1024\" height=\"1024\" src=\"https:\/\/iaforall.net\/wp-content\/uploads\/2023\/10\/DALL\u00b7E-2023-10-27-14.50.31-Photo_-A-hyper-realistic-and-highly-detailed-cityscape-where-one-side-showcases-futuristic-buildings-glowing-with-cool-blues-and-purples-symbolizing-A.png\" alt=\"\" class=\"wp-image-354\" srcset=\"https:\/\/iaforall.net\/wp-content\/uploads\/2023\/10\/DALL\u00b7E-2023-10-27-14.50.31-Photo_-A-hyper-realistic-and-highly-detailed-cityscape-where-one-side-showcases-futuristic-buildings-glowing-with-cool-blues-and-purples-symbolizing-A.png 1024w, https:\/\/iaforall.net\/wp-content\/uploads\/2023\/10\/DALL\u00b7E-2023-10-27-14.50.31-Photo_-A-hyper-realistic-and-highly-detailed-cityscape-where-one-side-showcases-futuristic-buildings-glowing-with-cool-blues-and-purples-symbolizing-A-300x300.png 300w, https:\/\/iaforall.net\/wp-content\/uploads\/2023\/10\/DALL\u00b7E-2023-10-27-14.50.31-Photo_-A-hyper-realistic-and-highly-detailed-cityscape-where-one-side-showcases-futuristic-buildings-glowing-with-cool-blues-and-purples-symbolizing-A-150x150.png 150w, https:\/\/iaforall.net\/wp-content\/uploads\/2023\/10\/DALL\u00b7E-2023-10-27-14.50.31-Photo_-A-hyper-realistic-and-highly-detailed-cityscape-where-one-side-showcases-futuristic-buildings-glowing-with-cool-blues-and-purples-symbolizing-A-768x768.png 768w\" sizes=\"auto, (max-width: 1024px) 100vw, 1024px\" \/><\/figure>\n\n\n\n<p>Le wokisme repose sur des valeurs fondamentales telles que la <strong>justice sociale<\/strong>, l\u2019<strong>\u00e9galit\u00e9 raciale<\/strong> et les <strong>droits des LGBTQ+<\/strong>. Ces principes cherchent \u00e0 combattre et changer les injustices syst\u00e9miques anciennes. Cependant, la mani\u00e8re dont ces id\u00e9es sont d\u00e9fendues a soulev\u00e9 de nombreuses critiques.<\/p>\n\n\n\n<p><strong>La Culture de l&rsquo;Annulation : Un Ph\u00e9nom\u00e8ne Grandissant<\/strong><\/p>\n\n\n\n<p>Afin de combattre les injustices sociales, un ph\u00e9nom\u00e8ne nomm\u00e9 \u00ab\u00a0culture de l&rsquo;annulation\u00a0\u00bb s\u2019est d\u00e9velopp\u00e9 au sein du wokisme. Ce mouvement consiste \u00e0 e<strong>xclure publiquement des individus ou des entit\u00e9s jug\u00e9es fautives<\/strong>, entra\u00eenant une <strong>vague de violence <\/strong>verbale en ligne, de <strong>censur<\/strong>e et de <strong>d\u00e9sinformation<\/strong>. Les personnes cibl\u00e9es en subissent les cons\u00e9quences, tant dans leur vie personnelle que professionnelle\u200b<a rel=\"noreferrer noopener\" href=\"https:\/\/www.brut.media\/fr\/international\/4-cas-emblematiques-de-la-cancel-culture--b2446c8a-537f-4f6d-8c56-413d7fad660c#:~:text=,leur%20vie%20professionnelle%20et%20personnelle\" target=\"_blank\"><sup>1<\/sup><\/a>\u200b.<\/p>\n\n\n\n<p><strong>Des Exemples Concrets<\/strong><\/p>\n\n\n\n<ol class=\"wp-block-list\">\n<li><strong>Chris Harrison<\/strong> : Animateur de l&rsquo;\u00e9mission The Bachelor, il a \u00e9t\u00e9 remerci\u00e9 apr\u00e8s avoir d\u00e9fendu une ancienne candidate ayant particip\u00e9 \u00e0 une f\u00eate \u00e0 connotation raciste. Cette d\u00e9fense de l&rsquo;insensibilit\u00e9 raciale a entra\u00een\u00e9 son licenciement en 2021\u200b<a href=\"https:\/\/helpfulprofessor.com\/cancel-culture-examples\/\" target=\"_blank\" rel=\"noreferrer noopener\"><sup>2<\/sup><\/a>\u200b.<\/li>\n\n\n\n<li><strong>Donald Trump<\/strong> : Suite \u00e0 son soutien pour l&rsquo;\u00e9meute du 6 janvier, l&rsquo;ancien pr\u00e9sident am\u00e9ricain a vu ses comptes sur Twitter et Facebook suspendus pour incitation \u00e0 la violence\u200b<a href=\"https:\/\/helpfulprofessor.com\/cancel-culture-examples\/\" target=\"_blank\" rel=\"noreferrer noopener\"><sup>2<\/sup><\/a>\u200b.<\/li>\n\n\n\n<li><strong>Roseanne Barr<\/strong> : Vir\u00e9e de son propre show, Roseanne, suite \u00e0 une remarque raciste sur Twitter, malgr\u00e9 les hautes audiences de l&rsquo;\u00e9mission\u200b<a rel=\"noreferrer noopener\" href=\"https:\/\/helpfulprofessor.com\/cancel-culture-examples\/\" target=\"_blank\"><sup>2<\/sup><\/a>\u200b.<\/li>\n\n\n\n<li><strong>Vincent Lapierre<\/strong> a \u00e9t\u00e9 identifi\u00e9 par certains comme ayant des positions \u00ab\u00a0divergentes\u00a0\u00bb, ce qui a conduit lui et son \u00e9quipe \u00e0 \u00eatre mal re\u00e7us lors de manifestations, et parfois expuls\u00e9s\u200b<a rel=\"noreferrer noopener\" href=\"https:\/\/fr.wikipedia.org\/wiki\/Vincent_Lapierre#:~:text=Ses%20positions%2C%20identifi%C3%A9es%20comme%20d%27extr%C3%AAme,finir%20par%20en%20%C3%AAtre%20expuls%C3%A9s\" target=\"_blank\"><sup>1<\/sup><\/a>\u200b. En 2019, lors d&rsquo;une manifestation des Gilets Jaunes \u00e0 Toulouse, il a \u00e9t\u00e9 physiquement agress\u00e9 par des individus qu&rsquo;il a identifi\u00e9s comme des \u00ab\u00a0black blocs\u00a0\u00bb\u200b<a rel=\"noreferrer noopener\" href=\"https:\/\/fr.wikipedia.org\/wiki\/Vincent_Lapierre\" target=\"_blank\"><sup>2<\/sup><\/a>\u200b. <\/li>\n<\/ol>\n\n\n\n<p>Elon Musk, inquiet des d\u00e9rives possibles, a lanc\u00e9 sa propre initiative IA, <strong>xAI<\/strong>, visant \u00e0 d\u00e9velopper une <strong>IA orient\u00e9e vers la recherche de la v\u00e9rit\u00e9<\/strong> plut\u00f4t que la conformit\u00e9 id\u00e9ologique. A travers le projet <strong>TruthGPT<\/strong>, Musk aspire \u00e0 cr\u00e9er une IA cherchant \u00e0 comprendre la \u00ab\u00a0nature de l&rsquo;univers\u00a0\u00bb\u200b<a rel=\"noreferrer noopener\" href=\"https:\/\/www.tomshardware.com\/news\/elon-musk-confirms-ai-project#:~:text=Elon%20Musk%20talks%20about%20a,Sliced%20bread%20not%20included\" target=\"_blank\"><sup>3<\/sup><\/a>\u200b. Ce projet illustre une d\u00e9marche proactive pour assurer que le d\u00e9veloppement de l&rsquo;IA reste ax\u00e9 sur la d\u00e9couverte de la v\u00e9rit\u00e9 et l&rsquo;<strong>exploration objective<\/strong>, plut\u00f4t que d\u2019\u00eatre influenc\u00e9 par des id\u00e9ologies sp\u00e9cifiques\u200b<a rel=\"noreferrer noopener\" href=\"https:\/\/www.france24.com\/fr\/info-en-continu\/20230415-elon-musk-cr%C3%A9e-x-ai-une-start-up-d-intelligence-artificielle#:~:text=Elon%20Musk%20a%20cofond%C3%A9%20OpenAI,con%C3%A7u%20ChatGPT%20%C2%A9%20Lionel\" target=\"_blank\"><sup>4<\/sup><\/a>\u200b. Pour plus d&rsquo;informations sur le projet d&rsquo;IA d&rsquo;Elon Musk, vous pouvez visiter <a href=\"https:\/\/www.reuters.com\/technology\/elon-musk-launches-ai-firm-xai-he-looks-take-openai-2023-07-12\/\">cette page<\/a>\u200b<a rel=\"noreferrer noopener\" href=\"https:\/\/www.reuters.com\/technology\/elon-musks-ai-firm-xai-launches-website-2023-07-12\/#:~:text=Elon%20Musk%20launches%20AI%20firm,Musk%2C%20the%20billionaire%20entrepreneur%2C%20launched\" target=\"_blank\"><sup>5<\/sup><\/a>\u200b.<\/p>\n\n\n\n<p><strong>Conclusion<\/strong><\/p>\n\n\n\n<p>La c<strong>onfrontation entre id\u00e9ologie et libert\u00e9 d&rsquo;expression est une probl\u00e9matique complexe<\/strong> qui n\u00e9cessite une compr\u00e9hension nuanc\u00e9e et un dialogue ouvert. Bien que le combat pour l&rsquo;\u00e9galit\u00e9 et la justice sociale soit crucial, les m\u00e9thodes agressives employ\u00e9es par certains au sein du mouvement wokisme peuvent cr\u00e9er un climat toxique, o\u00f9 <strong>la peur des repr\u00e9sailles inhibe le dialogue constructif<\/strong>. Cette situation pourrait, en fin de compte, s&rsquo;av\u00e9rer plus n\u00e9faste pour la coh\u00e9sion sociale que les probl\u00e8mes que le wokisme entend r\u00e9soudre.<\/p>\n","protected":false},"excerpt":{"rendered":"<p>Dans un monde o\u00f9 l&rsquo;intelligence artificielle (IA) continue d&rsquo;\u00e9voluer, le d\u00e9bat sur les id\u00e9ologies \u00ab\u00a0woke\u00a0\u00bb et leur impact sur le d\u00e9veloppement de l&rsquo;IA gagne en importance. Elon Musk, un entrepreneur connu pour son penchant pour l&rsquo;innovation, a r\u00e9cemment jet\u00e9 un \u00e9clairage sur cette interaction, \u00e9voquant un lien entre les id\u00e9ologies \u00ab\u00a0woke\u00a0\u00bb et l&rsquo;IA. Selon lui,&#8230;<\/p>\n","protected":false},"author":1,"featured_media":0,"comment_status":"open","ping_status":"open","sticky":false,"template":"","format":"standard","meta":{"_kadence_starter_templates_imported_post":false,"_kad_post_transparent":"","_kad_post_title":"","_kad_post_layout":"fullwidth","_kad_post_sidebar_id":"","_kad_post_content_style":"","_kad_post_vertical_padding":"","_kad_post_feature":"","_kad_post_feature_position":"","_kad_post_header":false,"_kad_post_footer":false,"_kad_post_classname":"","footnotes":""},"categories":[25],"tags":[],"class_list":["post-353","post","type-post","status-publish","format-standard","hentry","category-le-monde-selon-ihdad"],"_links":{"self":[{"href":"https:\/\/iaforall.net\/index.php?rest_route=\/wp\/v2\/posts\/353","targetHints":{"allow":["GET"]}}],"collection":[{"href":"https:\/\/iaforall.net\/index.php?rest_route=\/wp\/v2\/posts"}],"about":[{"href":"https:\/\/iaforall.net\/index.php?rest_route=\/wp\/v2\/types\/post"}],"author":[{"embeddable":true,"href":"https:\/\/iaforall.net\/index.php?rest_route=\/wp\/v2\/users\/1"}],"replies":[{"embeddable":true,"href":"https:\/\/iaforall.net\/index.php?rest_route=%2Fwp%2Fv2%2Fcomments&post=353"}],"version-history":[{"count":2,"href":"https:\/\/iaforall.net\/index.php?rest_route=\/wp\/v2\/posts\/353\/revisions"}],"predecessor-version":[{"id":830,"href":"https:\/\/iaforall.net\/index.php?rest_route=\/wp\/v2\/posts\/353\/revisions\/830"}],"wp:attachment":[{"href":"https:\/\/iaforall.net\/index.php?rest_route=%2Fwp%2Fv2%2Fmedia&parent=353"}],"wp:term":[{"taxonomy":"category","embeddable":true,"href":"https:\/\/iaforall.net\/index.php?rest_route=%2Fwp%2Fv2%2Fcategories&post=353"},{"taxonomy":"post_tag","embeddable":true,"href":"https:\/\/iaforall.net\/index.php?rest_route=%2Fwp%2Fv2%2Ftags&post=353"}],"curies":[{"name":"wp","href":"https:\/\/api.w.org\/{rel}","templated":true}]}}