{"id":372,"date":"2023-11-11T07:01:37","date_gmt":"2023-11-11T06:01:37","guid":{"rendered":"https:\/\/iaforall.net\/?p=372"},"modified":"2023-11-11T07:01:38","modified_gmt":"2023-11-11T06:01:38","slug":"reflexions-sur-lhumanite-la-technologie-et-la-nature-une-exploration-approfondie","status":"publish","type":"post","link":"https:\/\/iaforall.net\/?p=372","title":{"rendered":"R\u00e9flexions sur l&rsquo;Humanit\u00e9, la Technologie et la Nature : Une Exploration Approfondie"},"content":{"rendered":"\n<figure class=\"wp-block-image size-large\"><img loading=\"lazy\" decoding=\"async\" width=\"1024\" height=\"585\" src=\"https:\/\/iaforall.net\/wp-content\/uploads\/2023\/11\/DALL\u00b7E-2023-11-11-09.56.17-A-highly-detailed-image-representing-the-concept-of-artificial-intelligence-as-a-natural-extension-of-human-evolution.-The-image-should-blend-elements-1024x585.png\" alt=\"\" class=\"wp-image-373\" srcset=\"https:\/\/iaforall.net\/wp-content\/uploads\/2023\/11\/DALL\u00b7E-2023-11-11-09.56.17-A-highly-detailed-image-representing-the-concept-of-artificial-intelligence-as-a-natural-extension-of-human-evolution.-The-image-should-blend-elements-1024x585.png 1024w, https:\/\/iaforall.net\/wp-content\/uploads\/2023\/11\/DALL\u00b7E-2023-11-11-09.56.17-A-highly-detailed-image-representing-the-concept-of-artificial-intelligence-as-a-natural-extension-of-human-evolution.-The-image-should-blend-elements-300x171.png 300w, https:\/\/iaforall.net\/wp-content\/uploads\/2023\/11\/DALL\u00b7E-2023-11-11-09.56.17-A-highly-detailed-image-representing-the-concept-of-artificial-intelligence-as-a-natural-extension-of-human-evolution.-The-image-should-blend-elements-768x439.png 768w, https:\/\/iaforall.net\/wp-content\/uploads\/2023\/11\/DALL\u00b7E-2023-11-11-09.56.17-A-highly-detailed-image-representing-the-concept-of-artificial-intelligence-as-a-natural-extension-of-human-evolution.-The-image-should-blend-elements-1536x878.png 1536w, https:\/\/iaforall.net\/wp-content\/uploads\/2023\/11\/DALL\u00b7E-2023-11-11-09.56.17-A-highly-detailed-image-representing-the-concept-of-artificial-intelligence-as-a-natural-extension-of-human-evolution.-The-image-should-blend-elements.png 1792w\" sizes=\"auto, (max-width: 1024px) 100vw, 1024px\" \/><\/figure>\n\n\n\n<p>L&rsquo;<strong>histoire de notre plan\u00e8te Terre<\/strong> est une saga fascinante d&rsquo;<strong>\u00e9volution<\/strong> et de<strong> transformation<\/strong>. Un \u00e9l\u00e9ment central de cette histoire est le <strong>cycle<\/strong> ininterrompu d&rsquo;<strong>apparition<\/strong> et d&rsquo;<strong>extinction<\/strong> des <strong>esp\u00e8ces<\/strong>. Selon des \u00e9tudes pal\u00e9ontologiques, environ <strong>99% des esp\u00e8ces qui ont exist\u00e9 sur Terre se sont \u00e9teintes<\/strong>, un processus qui s&rsquo;est d\u00e9roul\u00e9 bien <strong>avant l&rsquo;apparition de l&rsquo;homme<\/strong>. Cette donn\u00e9e soul\u00e8ve une question essentielle : <strong>comment devrions-nous interpr\u00e9ter l&rsquo;impact humain dans ce contexte naturel d&rsquo;\u00e9volution et d&rsquo;extinction ?\u200b<\/strong><a target=\"_blank\" rel=\"noreferrer noopener\"><\/a>\u200b\u200b<a href=\"https:\/\/fr.wikipedia.org\/wiki\/Extinction_des_esp%C3%A8ces\" target=\"_blank\" rel=\"noreferrer noopener\"><\/a>\u200b<\/p>\n\n\n\n<p><strong>Aujourd&rsquo;hui<\/strong>, on estime qu&rsquo;il existe entre <strong>8 et 20 millions d&rsquo;esp\u00e8ces sur Terre<\/strong>, avec seulement environ <strong>2 millions d&rsquo;esp\u00e8ces actuellement inventori\u00e9es<\/strong>. Cette diversit\u00e9 biologique t\u00e9moigne de la complexit\u00e9 et de la richesse de la vie sur notre plan\u00e8te, offrant un tableau dynamique et en constante <strong>\u00e9volution de la biodiversit\u00e9<\/strong>\u200b<a target=\"_blank\" rel=\"noreferrer noopener\"><\/a>\u200b.<\/p>\n\n\n\n<p>En consid\u00e9rant notre r\u00f4le dans cet environnement, nous sommes confront\u00e9s \u00e0 une <strong>dichotomie<\/strong>. D&rsquo;une part, <strong>l&rsquo;humanit\u00e9<\/strong> est souvent vue comme une <strong>force disruptive<\/strong>, acc\u00e9l\u00e9rant l&rsquo;extinction des esp\u00e8ces et modifiant radicalement l&rsquo;\u00e9quilibre \u00e9cologique. D&rsquo;autre part, si nous consid\u00e9rons que les activit\u00e9s humaines sont une extension de nos capacit\u00e9s naturelles d&rsquo;\u00e9volution et d&rsquo;adaptation, alors notre impact pourrait \u00e9galement \u00eatre vu comme <strong>une partie du processus naturel de la Terre<\/strong>.<\/p>\n\n\n\n<p>Les <strong>avanc\u00e9es technologiques<\/strong> de l&rsquo;humanit\u00e9, notamment dans les domaines de l&rsquo;<strong>intelligence artificielle<\/strong> et de la biotechnologie, sont souvent au c\u0153ur de ce d\u00e9bat. Ces technologies, issues de notre qu\u00eate constante d&rsquo;innovation et d&rsquo;am\u00e9lioration, peuvent \u00eatre consid\u00e9r\u00e9es comme des extensions de nos capacit\u00e9s naturelles. Si nous acceptons cette perspective, alors les d\u00e9veloppements technologiques pourraient \u00eatre vus comme des manifestations naturelles de notre \u00e9volution en tant qu&rsquo;esp\u00e8ce.<\/p>\n\n\n\n<p>L&rsquo;intelligence artificielle, en particulier, pose des <strong>questions philosophiques<\/strong> et \u00e9thiques profondes. Bien qu&rsquo;\u00e9tant une cr\u00e9ation humaine, elle incarne n<strong>otre capacit\u00e9 \u00e0 \u00e9tendre notre propre intelligence<\/strong> et \u00e0 repousser les fronti\u00e8res de ce qui est possible. En int\u00e9grant l&rsquo;IA et d&rsquo;autres technologies dans notre soci\u00e9t\u00e9 de mani\u00e8re \u00e9quilibr\u00e9e et r\u00e9fl\u00e9chie, nous pourrions non seulement am\u00e9liorer notre qualit\u00e9 de vie mais aussi approfondir notre compr\u00e9hension du monde naturel.<\/p>\n\n\n\n<p>Comme l&rsquo;a soulign\u00e9 <strong>Ray Kurzweil<\/strong>, un \u00e9minent futurologue, <strong>Les technologies sont des outils que nous utilisons pour amplifier nos capacit\u00e9s naturelles<\/strong>. Cette perspective nous aide \u00e0 comprendre que nos avanc\u00e9es technologiques ne sont pas des aberrations mais des extensions de notre propre \u00e9volution. Kurzweil souligne que gr\u00e2ce \u00e0 la technologie, nous pouvons accomplir des exploits inimaginables auparavant, comme voyager dans l&rsquo;espace ou communiquer instantan\u00e9ment \u00e0 l&rsquo;\u00e9chelle mondiale.<\/p>\n\n\n\n<p>Dans le m\u00eame esprit, <strong>Steven Pinker<\/strong>, un psychologue cognitif renomm\u00e9, affirme que l<strong>es avanc\u00e9es technologiques sont une manifestation de notre \u00e9volution en tant qu&rsquo;esp\u00e8ce<\/strong>. Cette vision met en lumi\u00e8re que l&rsquo;\u00e9volution est un processus de changement et d&rsquo;adaptation incessant, o\u00f9 la technologie est un moyen par lequel nous r\u00e9pondons aux d\u00e9fis de notre environnement.<\/p>\n\n\n\n<p><strong>Au-del\u00e0 de la technologie, notre relation avec l&rsquo;environnement naturel lui-m\u00eame est un sujet d&rsquo;importance cruciale.<\/strong> En reconnaissant notre interconnexion avec la nature, nous pouvons commencer \u00e0<strong> aborder les d\u00e9fis environnementaux<\/strong> non pas comme des adversaires de la nature, mais plut\u00f4t <strong>comme des participants actifs dans un \u00e9cosyst\u00e8me plus vaste<\/strong>. Cette approche holistique pourrait nous guider vers des solutions plus durables et respectueuses de l&rsquo;environnement.<\/p>\n\n\n\n<p>En conclusion, l&rsquo;histoire de la Terre et l&rsquo;\u00e9volution de la vie sur notre plan\u00e8te offrent une perspective unique sur notre r\u00f4le en tant qu&rsquo;\u00eatres humains. En embrassant notre h\u00e9ritage naturel et en reconnaissant notre capacit\u00e9 \u00e0 influencer notre monde, n<strong>ous pouvons forger un avenir o\u00f9 la technologie et la nature coexistent en harmonie<\/strong>. Notre avenir d\u00e9pend non seulement de notre intelligence et de notre innovation, mais aussi de notre sagesse et de notre respect pour la vie sous toutes ses formes.<\/p>\n\n\n\n<figure class=\"wp-block-image size-large\"><img loading=\"lazy\" decoding=\"async\" width=\"1024\" height=\"585\" src=\"https:\/\/iaforall.net\/wp-content\/uploads\/2023\/11\/DALL\u00b7E-2023-11-11-09.57.52-A-highly-detailed-image-depicting-the-harmony-between-nature-and-technology.-The-scene-shows-a-futuristic-city-seamlessly-integrated-with-natural-elem-1024x585.png\" alt=\"\" class=\"wp-image-374\" srcset=\"https:\/\/iaforall.net\/wp-content\/uploads\/2023\/11\/DALL\u00b7E-2023-11-11-09.57.52-A-highly-detailed-image-depicting-the-harmony-between-nature-and-technology.-The-scene-shows-a-futuristic-city-seamlessly-integrated-with-natural-elem-1024x585.png 1024w, https:\/\/iaforall.net\/wp-content\/uploads\/2023\/11\/DALL\u00b7E-2023-11-11-09.57.52-A-highly-detailed-image-depicting-the-harmony-between-nature-and-technology.-The-scene-shows-a-futuristic-city-seamlessly-integrated-with-natural-elem-300x171.png 300w, https:\/\/iaforall.net\/wp-content\/uploads\/2023\/11\/DALL\u00b7E-2023-11-11-09.57.52-A-highly-detailed-image-depicting-the-harmony-between-nature-and-technology.-The-scene-shows-a-futuristic-city-seamlessly-integrated-with-natural-elem-768x439.png 768w, https:\/\/iaforall.net\/wp-content\/uploads\/2023\/11\/DALL\u00b7E-2023-11-11-09.57.52-A-highly-detailed-image-depicting-the-harmony-between-nature-and-technology.-The-scene-shows-a-futuristic-city-seamlessly-integrated-with-natural-elem-1536x878.png 1536w, https:\/\/iaforall.net\/wp-content\/uploads\/2023\/11\/DALL\u00b7E-2023-11-11-09.57.52-A-highly-detailed-image-depicting-the-harmony-between-nature-and-technology.-The-scene-shows-a-futuristic-city-seamlessly-integrated-with-natural-elem.png 1792w\" sizes=\"auto, (max-width: 1024px) 100vw, 1024px\" \/><\/figure>\n","protected":false},"excerpt":{"rendered":"<p>L&rsquo;histoire de notre plan\u00e8te Terre est une saga fascinante d&rsquo;\u00e9volution et de transformation. Un \u00e9l\u00e9ment central de cette histoire est le cycle ininterrompu d&rsquo;apparition et d&rsquo;extinction des esp\u00e8ces. Selon des \u00e9tudes pal\u00e9ontologiques, environ 99% des esp\u00e8ces qui ont exist\u00e9 sur Terre se sont \u00e9teintes, un processus qui s&rsquo;est d\u00e9roul\u00e9 bien avant l&rsquo;apparition de l&rsquo;homme. Cette&#8230;<\/p>\n","protected":false},"author":1,"featured_media":0,"comment_status":"open","ping_status":"open","sticky":false,"template":"","format":"standard","meta":{"_kadence_starter_templates_imported_post":false,"_kad_post_transparent":"","_kad_post_title":"","_kad_post_layout":"fullwidth","_kad_post_sidebar_id":"","_kad_post_content_style":"","_kad_post_vertical_padding":"","_kad_post_feature":"","_kad_post_feature_position":"","_kad_post_header":false,"_kad_post_footer":false,"_kad_post_classname":"","footnotes":""},"categories":[25],"tags":[],"class_list":["post-372","post","type-post","status-publish","format-standard","hentry","category-le-monde-selon-ihdad"],"_links":{"self":[{"href":"https:\/\/iaforall.net\/index.php?rest_route=\/wp\/v2\/posts\/372","targetHints":{"allow":["GET"]}}],"collection":[{"href":"https:\/\/iaforall.net\/index.php?rest_route=\/wp\/v2\/posts"}],"about":[{"href":"https:\/\/iaforall.net\/index.php?rest_route=\/wp\/v2\/types\/post"}],"author":[{"embeddable":true,"href":"https:\/\/iaforall.net\/index.php?rest_route=\/wp\/v2\/users\/1"}],"replies":[{"embeddable":true,"href":"https:\/\/iaforall.net\/index.php?rest_route=%2Fwp%2Fv2%2Fcomments&post=372"}],"version-history":[{"count":1,"href":"https:\/\/iaforall.net\/index.php?rest_route=\/wp\/v2\/posts\/372\/revisions"}],"predecessor-version":[{"id":375,"href":"https:\/\/iaforall.net\/index.php?rest_route=\/wp\/v2\/posts\/372\/revisions\/375"}],"wp:attachment":[{"href":"https:\/\/iaforall.net\/index.php?rest_route=%2Fwp%2Fv2%2Fmedia&parent=372"}],"wp:term":[{"taxonomy":"category","embeddable":true,"href":"https:\/\/iaforall.net\/index.php?rest_route=%2Fwp%2Fv2%2Fcategories&post=372"},{"taxonomy":"post_tag","embeddable":true,"href":"https:\/\/iaforall.net\/index.php?rest_route=%2Fwp%2Fv2%2Ftags&post=372"}],"curies":[{"name":"wp","href":"https:\/\/api.w.org\/{rel}","templated":true}]}}