{"id":408,"date":"2023-11-18T05:38:07","date_gmt":"2023-11-18T04:38:07","guid":{"rendered":"https:\/\/iaforall.net\/?p=408"},"modified":"2023-11-18T07:35:18","modified_gmt":"2023-11-18T06:35:18","slug":"openai-a-90-milliards-chute-de-sam-altman-lombre-de-musk-dans-la-guerre-de-pouvoir","status":"publish","type":"post","link":"https:\/\/iaforall.net\/?p=408","title":{"rendered":"OpenAI \u00e0 90 Milliards : Chute de Sam Altman, l&rsquo;Ombre de Musk dans la Guerre de Pouvoir?"},"content":{"rendered":"\n<figure class=\"wp-block-image size-full\"><img loading=\"lazy\" decoding=\"async\" width=\"1024\" height=\"585\" src=\"https:\/\/iaforall.net\/wp-content\/uploads\/2023\/11\/image-6.png\" alt=\"\" class=\"wp-image-409\" style=\"aspect-ratio:16\/9;object-fit:cover\" srcset=\"https:\/\/iaforall.net\/wp-content\/uploads\/2023\/11\/image-6.png 1024w, https:\/\/iaforall.net\/wp-content\/uploads\/2023\/11\/image-6-300x171.png 300w, https:\/\/iaforall.net\/wp-content\/uploads\/2023\/11\/image-6-768x439.png 768w\" sizes=\"auto, (max-width: 1024px) 100vw, 1024px\" \/><\/figure>\n\n\n\n<p>La <strong>r\u00e9cente \u00e9viction de Sam Altman de la direction d&rsquo;OpenAI<\/strong>, une entreprise \u00e9valu\u00e9e \u00e0 pr\u00e8s de <strong>90 milliards de dollars<\/strong>, a secou\u00e9 le monde de l&rsquo;intelligence artificielle. Cet \u00e9v\u00e9nement soul\u00e8ve des <strong>questions sur les luttes de pouvoir internes <\/strong>et la pr\u00e9sence persistante d&rsquo;<strong>Elon Musk dans l&rsquo;ombre?<\/strong><\/p>\n\n\n\n<p><strong>L&rsquo;Ascension et la Chute de Sam Altman chez OpenAI<\/strong> Sam Altman, un pilier dans l&rsquo;\u00e9volution d&rsquo;OpenAI, a \u00e9t\u00e9 brusquement d\u00e9mis de ses fonctions. Ce d\u00e9part marque un tournant dans l&rsquo;histoire d&rsquo;OpenAI, soulignant la complexit\u00e9 des dynamiques internes au sein d&rsquo;une entreprise leader dans l&rsquo;IA. Le r\u00f4le d&rsquo;Altman a \u00e9t\u00e9 essentiel dans le d\u00e9veloppement de technologies comme ChatGPT, mais sa chute sugg\u00e8re des conflits non r\u00e9solus au c\u0153ur de l&rsquo;entreprise.<\/p>\n\n\n\n<p><strong>La Fondation d&rsquo;OpenAI et l&rsquo;Influence de Musk<\/strong> OpenAI, fond\u00e9e avec la vision de d\u00e9velopper une IA s\u00e9curis\u00e9e et b\u00e9n\u00e9fique, a b\u00e9n\u00e9fici\u00e9 de l&rsquo;appui et du financement d&rsquo;Elon Musk. Malgr\u00e9 son d\u00e9part en 2018, pour \u00e9viter un conflit d&rsquo;int\u00e9r\u00eats avec Tesla (<strong>officieusement, il serait question de divergence sur la gouvernance<\/strong>), l&rsquo;influence de Musk continue de planer sur l&rsquo;entreprise, notamment \u00e0 travers ses autres initiatives dans l&rsquo;IA, comme xAI et plus r\u00e9cemment GroK.<\/p>\n\n\n\n<p><strong>La Rivalit\u00e9 Souterraine : Musk, Gates, et la Course \u00e0 l&rsquo;IA<\/strong> Les tensions entre Elon Musk et d&rsquo;autres g\u00e9ants de la technologie comme Bill Gates ont souvent \u00e9t\u00e9 au c\u0153ur des discussions sur l&rsquo;avenir de l&rsquo;IA. Cette rivalit\u00e9, parfois visible publiquement, a possiblement aliment\u00e9 une comp\u00e9tition souterraine, red\u00e9finissant les strat\u00e9gies et les alliances dans le secteur.<\/p>\n\n\n\n<figure class=\"wp-block-image size-full\"><img loading=\"lazy\" decoding=\"async\" width=\"1024\" height=\"585\" src=\"https:\/\/iaforall.net\/wp-content\/uploads\/2023\/11\/image-7.png\" alt=\"\" class=\"wp-image-411\" style=\"aspect-ratio:16\/9;object-fit:cover\" srcset=\"https:\/\/iaforall.net\/wp-content\/uploads\/2023\/11\/image-7.png 1024w, https:\/\/iaforall.net\/wp-content\/uploads\/2023\/11\/image-7-300x171.png 300w, https:\/\/iaforall.net\/wp-content\/uploads\/2023\/11\/image-7-768x439.png 768w\" sizes=\"auto, (max-width: 1024px) 100vw, 1024px\" \/><\/figure>\n\n\n\n<p><strong>GroK : Le Nouveau Pion d&rsquo;Elon Musk sur l&rsquo;\u00c9chiquier de l&rsquo;IA<\/strong> Avec le lancement de GroK, Elon Musk semble reprendre sa place dans la course \u00e0 l&rsquo;IA. Cette nouvelle entreprise est per\u00e7ue par beaucoup comme un moyen pour Musk de reprendre l&rsquo;initiative, peut-\u00eatre en r\u00e9ponse \u00e0 sa perception des \u00e9v\u00e9nements chez OpenAI.<\/p>\n\n\n\n<p><strong>Conclusion : Plus Qu&rsquo;une Simple Histoire d&rsquo;Entreprise<\/strong> La saga d&rsquo;OpenAI, m\u00eal\u00e9e \u00e0 l&rsquo;influence persistante d&rsquo;Elon Musk et \u00e0 la chute de Sam Altman, d\u00e9passe le cadre d&rsquo;une simple histoire d&rsquo;entreprise. Elle \u00e9voque un <strong>sc\u00e9nario complexe <\/strong>de rivalit\u00e9s, de pouvoir, et d&rsquo;ambition, <strong>qui pourrait sans doute inspirer un film \u00e0 succ\u00e8s<\/strong>. Alors que le monde de l&rsquo;IA continue d&rsquo;\u00e9voluer, ces intrigues ajoutent une dimension humaine fascinante \u00e0 l&rsquo;avancement technologique. Alors, restons attentifs et impatients : vivement le prochain \u00e9pisode de la \u00ab\u00a0T\u00e9l\u00e9novela de l&rsquo;Intelligence Artificielle\u00a0\u00bb!<\/p>\n","protected":false},"excerpt":{"rendered":"<p>La r\u00e9cente \u00e9viction de Sam Altman de la direction d&rsquo;OpenAI, une entreprise \u00e9valu\u00e9e \u00e0 pr\u00e8s de 90 milliards de dollars, a secou\u00e9 le monde de l&rsquo;intelligence artificielle. Cet \u00e9v\u00e9nement soul\u00e8ve des questions sur les luttes de pouvoir internes et la pr\u00e9sence persistante d&rsquo;Elon Musk dans l&rsquo;ombre? L&rsquo;Ascension et la Chute de Sam Altman chez OpenAI&#8230;<\/p>\n","protected":false},"author":1,"featured_media":0,"comment_status":"open","ping_status":"open","sticky":false,"template":"","format":"standard","meta":{"_kadence_starter_templates_imported_post":false,"_kad_post_transparent":"","_kad_post_title":"","_kad_post_layout":"fullwidth","_kad_post_sidebar_id":"","_kad_post_content_style":"","_kad_post_vertical_padding":"","_kad_post_feature":"","_kad_post_feature_position":"","_kad_post_header":false,"_kad_post_footer":false,"_kad_post_classname":"","footnotes":""},"categories":[25],"tags":[],"class_list":["post-408","post","type-post","status-publish","format-standard","hentry","category-le-monde-selon-ihdad"],"_links":{"self":[{"href":"https:\/\/iaforall.net\/index.php?rest_route=\/wp\/v2\/posts\/408","targetHints":{"allow":["GET"]}}],"collection":[{"href":"https:\/\/iaforall.net\/index.php?rest_route=\/wp\/v2\/posts"}],"about":[{"href":"https:\/\/iaforall.net\/index.php?rest_route=\/wp\/v2\/types\/post"}],"author":[{"embeddable":true,"href":"https:\/\/iaforall.net\/index.php?rest_route=\/wp\/v2\/users\/1"}],"replies":[{"embeddable":true,"href":"https:\/\/iaforall.net\/index.php?rest_route=%2Fwp%2Fv2%2Fcomments&post=408"}],"version-history":[{"count":2,"href":"https:\/\/iaforall.net\/index.php?rest_route=\/wp\/v2\/posts\/408\/revisions"}],"predecessor-version":[{"id":424,"href":"https:\/\/iaforall.net\/index.php?rest_route=\/wp\/v2\/posts\/408\/revisions\/424"}],"wp:attachment":[{"href":"https:\/\/iaforall.net\/index.php?rest_route=%2Fwp%2Fv2%2Fmedia&parent=408"}],"wp:term":[{"taxonomy":"category","embeddable":true,"href":"https:\/\/iaforall.net\/index.php?rest_route=%2Fwp%2Fv2%2Fcategories&post=408"},{"taxonomy":"post_tag","embeddable":true,"href":"https:\/\/iaforall.net\/index.php?rest_route=%2Fwp%2Fv2%2Ftags&post=408"}],"curies":[{"name":"wp","href":"https:\/\/api.w.org\/{rel}","templated":true}]}}