{"id":414,"date":"2023-11-18T05:48:40","date_gmt":"2023-11-18T04:48:40","guid":{"rendered":"https:\/\/iaforall.net\/?p=414"},"modified":"2023-11-18T05:49:31","modified_gmt":"2023-11-18T04:49:31","slug":"sam-altman-evince-dopenai-le-17-novembre-2023","status":"publish","type":"post","link":"https:\/\/iaforall.net\/?p=414","title":{"rendered":"Sam Altman \u00c9vinc\u00e9 d&rsquo;OpenAI le 17 Novembre 2023"},"content":{"rendered":"\n<figure class=\"wp-block-image size-large\"><img loading=\"lazy\" decoding=\"async\" width=\"1024\" height=\"585\" src=\"https:\/\/iaforall.net\/wp-content\/uploads\/2023\/11\/image-8-1024x585.png\" alt=\"\" class=\"wp-image-415\" srcset=\"https:\/\/iaforall.net\/wp-content\/uploads\/2023\/11\/image-8-1024x585.png 1024w, https:\/\/iaforall.net\/wp-content\/uploads\/2023\/11\/image-8-300x171.png 300w, https:\/\/iaforall.net\/wp-content\/uploads\/2023\/11\/image-8-768x439.png 768w, https:\/\/iaforall.net\/wp-content\/uploads\/2023\/11\/image-8-1536x878.png 1536w, https:\/\/iaforall.net\/wp-content\/uploads\/2023\/11\/image-8.png 1792w\" sizes=\"auto, (max-width: 1024px) 100vw, 1024px\" \/><\/figure>\n\n\n\n<p><strong>Un Virage Inattendu chez OpenAI<\/strong> Le 17 novembre 2023, Sam Altman, co-fondateur et PDG d&rsquo;OpenAI, a \u00e9t\u00e9 \u00e9vinc\u00e9 de son poste par le conseil d&rsquo;administration. Cette d\u00e9cision a marqu\u00e9 un moment crucial pour l&rsquo;entreprise, qui est un acteur majeur dans le domaine de l&rsquo;intelligence artificielle.<\/p>\n\n\n\n<p><strong>Mira Murati, Nouvelle Leader<\/strong> Suite \u00e0 cette \u00e9viction, Mira Murati, qui occupait le poste de directrice de la technologie chez OpenAI, a \u00e9t\u00e9 nomm\u00e9e PDG par int\u00e9rim. Murati, une ing\u00e9nieure en m\u00e9canique de 34 ans originaire d&rsquo;Albanie, poss\u00e8de une exp\u00e9rience significative dans le secteur technologique, ayant travaill\u00e9 pour des entreprises telles que Tesla et Leap Motion\u200b<a href=\"https:\/\/fr.dataconomy.com\/2023\/11\/17\/sam-altman-licencie-rencontrez-mira-murati-la-nouvelle-pdg-dopenai\/#:~:text=Altman%2C%20PDG%20et%20co,tant%20que%20PDG%20par%20int%C3%A9rim\" target=\"_blank\" rel=\"noreferrer noopener\"><\/a>\u200b\u200b<a href=\"https:\/\/www.citizenside.fr\/rencontrez-mira-murati-pdg-interim-openai\/#:~:text=Le%20PDG%20d%E2%80%99OpenAI%2C%20Sam%20Altman%2C,comme%20Tesla%20et%20Leap%20Motion\" target=\"_blank\" rel=\"noreferrer noopener\"><\/a>\u200b\u200b<a href=\"https:\/\/www.lapresse.ca\/affaires\/techno\/2023-11-17\/intelligence-artificielle\/sam-altman-congedie-par-openai.php#:~:text=Mira%20Murati%2C%20nomm%C3%A9e%20hier%20PDG,Brockman%20quitte\" target=\"_blank\" rel=\"noreferrer noopener\"><\/a>\u200b.<\/p>\n\n\n\n<p><strong>Un Avenir Sous Nouvelle Direction<\/strong> Avec Mira Murati \u00e0 la t\u00eate, OpenAI entre dans une nouvelle phase. Son expertise et son leadership seront cruciaux pour guider l&rsquo;entreprise dans son prochain chapitre, surtout \u00e0 un moment o\u00f9 la soci\u00e9t\u00e9 est \u00e9valu\u00e9e \u00e0 pr\u00e8s de 90 milliards de dollars.<\/p>\n\n\n\n<hr class=\"wp-block-separator has-alpha-channel-opacity\"\/>\n\n\n\n<p>Pour une analyse plus approfondie et mon opinion personnelle sur ces r\u00e9cents d\u00e9veloppements, consultez mon article intitul\u00e9 \u00ab\u00a0La Nouvelle \u00c8re d&rsquo;OpenAI : Perspectives et Implications\u00a0\u00bb sur https:\/\/iaforall.net\/?p=408.<\/p>\n\n\n\n<p>&#8211; IHDad<\/p>\n","protected":false},"excerpt":{"rendered":"<p>Un Virage Inattendu chez OpenAI Le 17 novembre 2023, Sam Altman, co-fondateur et PDG d&rsquo;OpenAI, a \u00e9t\u00e9 \u00e9vinc\u00e9 de son poste par le conseil d&rsquo;administration. Cette d\u00e9cision a marqu\u00e9 un moment crucial pour l&rsquo;entreprise, qui est un acteur majeur dans le domaine de l&rsquo;intelligence artificielle. Mira Murati, Nouvelle Leader Suite \u00e0 cette \u00e9viction, Mira Murati,&#8230;<\/p>\n","protected":false},"author":1,"featured_media":0,"comment_status":"open","ping_status":"open","sticky":false,"template":"","format":"standard","meta":{"_kadence_starter_templates_imported_post":false,"_kad_post_transparent":"","_kad_post_title":"","_kad_post_layout":"fullwidth","_kad_post_sidebar_id":"","_kad_post_content_style":"","_kad_post_vertical_padding":"","_kad_post_feature":"","_kad_post_feature_position":"","_kad_post_header":false,"_kad_post_footer":false,"_kad_post_classname":"","footnotes":""},"categories":[27],"tags":[],"class_list":["post-414","post","type-post","status-publish","format-standard","hentry","category-actualites-brulantes"],"_links":{"self":[{"href":"https:\/\/iaforall.net\/index.php?rest_route=\/wp\/v2\/posts\/414","targetHints":{"allow":["GET"]}}],"collection":[{"href":"https:\/\/iaforall.net\/index.php?rest_route=\/wp\/v2\/posts"}],"about":[{"href":"https:\/\/iaforall.net\/index.php?rest_route=\/wp\/v2\/types\/post"}],"author":[{"embeddable":true,"href":"https:\/\/iaforall.net\/index.php?rest_route=\/wp\/v2\/users\/1"}],"replies":[{"embeddable":true,"href":"https:\/\/iaforall.net\/index.php?rest_route=%2Fwp%2Fv2%2Fcomments&post=414"}],"version-history":[{"count":1,"href":"https:\/\/iaforall.net\/index.php?rest_route=\/wp\/v2\/posts\/414\/revisions"}],"predecessor-version":[{"id":416,"href":"https:\/\/iaforall.net\/index.php?rest_route=\/wp\/v2\/posts\/414\/revisions\/416"}],"wp:attachment":[{"href":"https:\/\/iaforall.net\/index.php?rest_route=%2Fwp%2Fv2%2Fmedia&parent=414"}],"wp:term":[{"taxonomy":"category","embeddable":true,"href":"https:\/\/iaforall.net\/index.php?rest_route=%2Fwp%2Fv2%2Fcategories&post=414"},{"taxonomy":"post_tag","embeddable":true,"href":"https:\/\/iaforall.net\/index.php?rest_route=%2Fwp%2Fv2%2Ftags&post=414"}],"curies":[{"name":"wp","href":"https:\/\/api.w.org\/{rel}","templated":true}]}}