{"id":578,"date":"2023-11-30T13:06:44","date_gmt":"2023-11-30T12:06:44","guid":{"rendered":"https:\/\/iaforall.net\/?p=578"},"modified":"2023-11-30T13:06:45","modified_gmt":"2023-11-30T12:06:45","slug":"bill-gates-et-la-vision-dune-semaine-de-travail-de-trois-jours-entre-optimisme-technologique-et-realisme-ecologique","status":"publish","type":"post","link":"https:\/\/iaforall.net\/?p=578","title":{"rendered":"Bill Gates et la Vision d&rsquo;une Semaine de Travail de Trois Jours : Entre Optimisme Technologique et R\u00e9alisme \u00c9cologique"},"content":{"rendered":"\n<figure class=\"wp-block-image size-large\"><img loading=\"lazy\" decoding=\"async\" width=\"1024\" height=\"585\" src=\"https:\/\/iaforall.net\/wp-content\/uploads\/2023\/11\/image-44-1024x585.png\" alt=\"\" class=\"wp-image-579\" srcset=\"https:\/\/iaforall.net\/wp-content\/uploads\/2023\/11\/image-44-1024x585.png 1024w, https:\/\/iaforall.net\/wp-content\/uploads\/2023\/11\/image-44-300x171.png 300w, https:\/\/iaforall.net\/wp-content\/uploads\/2023\/11\/image-44-768x439.png 768w, https:\/\/iaforall.net\/wp-content\/uploads\/2023\/11\/image-44-1536x878.png 1536w, https:\/\/iaforall.net\/wp-content\/uploads\/2023\/11\/image-44.png 1792w\" sizes=\"auto, (max-width: 1024px) 100vw, 1024px\" \/><\/figure>\n\n\n\n<p>D&rsquo;un c\u00f4t\u00e9 :<strong>La vision optimiste de Bill Gates<\/strong> En France, o\u00f9 pr\u00e9dominent souvent des perspectives pessimistes sur l&rsquo;avenir, la vision de Bill Gates sur l&rsquo;intelligence artificielle contraste nettement. Gates envisage <strong>un futur o\u00f9 l&rsquo;automatisation et l&rsquo;IA permettent une semaine de travail de seulement trois jours<\/strong>, lib\u00e9rant ainsi l&rsquo;humanit\u00e9 des contraintes d&rsquo;un travail intensif\u200b<a href=\"https:\/\/www.journaldunet.com\/management\/vie-personnelle\/1526501-bill-gates-3-jours\/\" target=\"_blank\" rel=\"noreferrer noopener\"><\/a>\u200b. Des personnalit\u00e9s comme Sam Altman et Elon Musk partagent cette vision optimiste, malgr\u00e9 certaines r\u00e9serves, voyant dans<strong> l&rsquo;IA un moyen d&rsquo;am\u00e9liorer l&rsquo;avenir<\/strong>\u200b<a href=\"https:\/\/www.journaldunet.com\/management\/vie-personnelle\/1526501-bill-gates-3-jours\/\" target=\"_blank\" rel=\"noreferrer noopener\"><\/a>\u200b.<\/p>\n\n\n\n<p>De l&rsquo;autre: <strong>Jean-Marc Jancovici offre quand \u00e0 lui un contraste<\/strong> face \u00e0 cet optimisme technologique, ing\u00e9nieur fran\u00e7ais et pr\u00e9sident du think tank The Shift Project, offre une perspective centr\u00e9e sur la lutte contre le changement climatique et la r\u00e9duction des \u00e9missions de gaz \u00e0 effet de serre. Promoteur de l&rsquo;\u00e9nergie nucl\u00e9aire et <strong>critique du mod\u00e8le \u00e9conomique occidental<\/strong> d\u00e9pendant des combustibles fossiles, sa vision est en net contraste avec celle de Gates\u200b<a href=\"https:\/\/fr.wikipedia.org\/wiki\/Jean-Marc_Jancovici\" target=\"_blank\" rel=\"noreferrer noopener\"><\/a>\u200b.<\/p>\n\n\n\n<p>Ou encore, <strong>Luc Julia, une vision mod\u00e9r\u00e9e de l&rsquo;IA<\/strong>, co-cr\u00e9ateur de l&rsquo;assistant vocal Siri et sp\u00e9cialiste en intelligence artificielle, apporte une perspective diff\u00e9rente. Plut\u00f4t que de se focaliser sur les promesses et les craintes exag\u00e9r\u00e9es li\u00e9es \u00e0 l&rsquo;IA, il pr\u00e9conise le concept d'\u00a0\u00bbintelligence augment\u00e9e\u00a0\u00bb, une approche o\u00f9 l&rsquo;IA est vue comme un outil am\u00e9liorant l&rsquo;intelligence humaine, plut\u00f4t qu&rsquo;une force autonome et potentiellement mena\u00e7ante. Dans ses r\u00e9centes conf\u00e9rences, il a critiqu\u00e9 les visions alarmistes de l&rsquo;IA, affirmant que ce sont les humains qui doivent rester aux commandes de ces technologies pour am\u00e9liorer la soci\u00e9t\u00e9\u200b<a href=\"https:\/\/www.unicnam.net\/events\/36912\" target=\"_blank\" rel=\"noreferrer noopener\"><\/a>\u200b\u200b<a href=\"https:\/\/fr.wikipedia.org\/wiki\/Luc_Julia#:~:text=En%202019%2C%20il%20publie%20L%27intelligence,14%20%5D%E3%80%91\" target=\"_blank\" rel=\"noreferrer noopener\"><\/a>\u200b\u200b<a href=\"https:\/\/fr.wikipedia.org\/wiki\/Luc_Julia\" target=\"_blank\" rel=\"noreferrer noopener\"><\/a>\u200b.<\/p>\n\n\n\n<p><strong>Vers un avenir \u00e9quilibr\u00e9<\/strong> : Cet article ne vise pas \u00e0 changer radicalement les opinions, mais plut\u00f4t \u00e0 pr\u00e9senter une <strong>r\u00e9flexion sur<\/strong> <strong>l&rsquo;avenir du travail et de notre soci\u00e9t\u00e9<\/strong>. L&rsquo;optimisme technologique de Gates, le pessimisme \u00e9cologique de Jancovici et la vision mod\u00e9r\u00e9e de Julia sur l&rsquo;IA repr\u00e9sentent des perspectives compl\u00e9mentaires, chacune apportant des \u00e9l\u00e9ments essentiels pour envisager un avenir plus \u00e9quilibr\u00e9 et durable. Ces approches diff\u00e9rentes pourraient converger vers un mod\u00e8le o\u00f9 technologie et \u00e9cologie coexistent harmonieusement, b\u00e9n\u00e9ficiant ainsi \u00e0 l&rsquo;humanit\u00e9.<\/p>\n","protected":false},"excerpt":{"rendered":"<p>D&rsquo;un c\u00f4t\u00e9 :La vision optimiste de Bill Gates En France, o\u00f9 pr\u00e9dominent souvent des perspectives pessimistes sur l&rsquo;avenir, la vision de Bill Gates sur l&rsquo;intelligence artificielle contraste nettement. Gates envisage un futur o\u00f9 l&rsquo;automatisation et l&rsquo;IA permettent une semaine de travail de seulement trois jours, lib\u00e9rant ainsi l&rsquo;humanit\u00e9 des contraintes d&rsquo;un travail intensif\u200b\u200b. Des personnalit\u00e9s&#8230;<\/p>\n","protected":false},"author":1,"featured_media":0,"comment_status":"open","ping_status":"open","sticky":false,"template":"","format":"standard","meta":{"_kadence_starter_templates_imported_post":false,"_kad_post_transparent":"","_kad_post_title":"","_kad_post_layout":"fullwidth","_kad_post_sidebar_id":"","_kad_post_content_style":"","_kad_post_vertical_padding":"","_kad_post_feature":"","_kad_post_feature_position":"","_kad_post_header":false,"_kad_post_footer":false,"_kad_post_classname":"","footnotes":""},"categories":[27],"tags":[],"class_list":["post-578","post","type-post","status-publish","format-standard","hentry","category-actualites-brulantes"],"_links":{"self":[{"href":"https:\/\/iaforall.net\/index.php?rest_route=\/wp\/v2\/posts\/578","targetHints":{"allow":["GET"]}}],"collection":[{"href":"https:\/\/iaforall.net\/index.php?rest_route=\/wp\/v2\/posts"}],"about":[{"href":"https:\/\/iaforall.net\/index.php?rest_route=\/wp\/v2\/types\/post"}],"author":[{"embeddable":true,"href":"https:\/\/iaforall.net\/index.php?rest_route=\/wp\/v2\/users\/1"}],"replies":[{"embeddable":true,"href":"https:\/\/iaforall.net\/index.php?rest_route=%2Fwp%2Fv2%2Fcomments&post=578"}],"version-history":[{"count":1,"href":"https:\/\/iaforall.net\/index.php?rest_route=\/wp\/v2\/posts\/578\/revisions"}],"predecessor-version":[{"id":580,"href":"https:\/\/iaforall.net\/index.php?rest_route=\/wp\/v2\/posts\/578\/revisions\/580"}],"wp:attachment":[{"href":"https:\/\/iaforall.net\/index.php?rest_route=%2Fwp%2Fv2%2Fmedia&parent=578"}],"wp:term":[{"taxonomy":"category","embeddable":true,"href":"https:\/\/iaforall.net\/index.php?rest_route=%2Fwp%2Fv2%2Fcategories&post=578"},{"taxonomy":"post_tag","embeddable":true,"href":"https:\/\/iaforall.net\/index.php?rest_route=%2Fwp%2Fv2%2Ftags&post=578"}],"curies":[{"name":"wp","href":"https:\/\/api.w.org\/{rel}","templated":true}]}}