{"id":651,"date":"2024-12-01T17:48:23","date_gmt":"2024-12-01T16:48:23","guid":{"rendered":"https:\/\/iaforall.net\/?p=651"},"modified":"2024-12-01T17:48:24","modified_gmt":"2024-12-01T16:48:24","slug":"donald-trump-et-la-guerre-en-ukraine-promesses-theories-et-realites","status":"publish","type":"post","link":"https:\/\/iaforall.net\/?p=651","title":{"rendered":"Donald Trump et la guerre en Ukraine : promesses, th\u00e9ories et r\u00e9alit\u00e9s"},"content":{"rendered":"<div class=\"wp-block-image\">\n<figure class=\"aligncenter size-full\"><img loading=\"lazy\" decoding=\"async\" width=\"1024\" height=\"1024\" src=\"https:\/\/iaforall.net\/wp-content\/uploads\/2024\/12\/ComfyUI_00044_.png\" alt=\"\" class=\"wp-image-655\" srcset=\"https:\/\/iaforall.net\/wp-content\/uploads\/2024\/12\/ComfyUI_00044_.png 1024w, https:\/\/iaforall.net\/wp-content\/uploads\/2024\/12\/ComfyUI_00044_-300x300.png 300w, https:\/\/iaforall.net\/wp-content\/uploads\/2024\/12\/ComfyUI_00044_-150x150.png 150w, https:\/\/iaforall.net\/wp-content\/uploads\/2024\/12\/ComfyUI_00044_-768x768.png 768w\" sizes=\"auto, (max-width: 1024px) 100vw, 1024px\" \/><\/figure>\n<\/div>\n\n\n<p id=\"bh-oE5cp0mQ7HjNNFLlav0iV\">Avant son \u00e9lection, Donald Trump avait affirm\u00e9 qu&rsquo;il mettrait fin \u00e0 la guerre en Ukraine en un jour s&rsquo;il acc\u00e9dait \u00e0 la pr\u00e9sidence. Cependant, il ne prendra ses fonctions, le cas \u00e9ch\u00e9ant, qu&rsquo;en janvier 2025. En attendant, ce conflit continue de polariser l&rsquo;opinion publique et de nourrir des th\u00e9ories vari\u00e9es, allant de la g\u00e9opolitique traditionnelle \u00e0 des interpr\u00e9tations qualifi\u00e9es de complotistes par les m\u00e9dias dominants.<\/p>\n\n\n\n<figure class=\"wp-block-image size-large\"><img loading=\"lazy\" decoding=\"async\" width=\"1024\" height=\"330\" src=\"https:\/\/iaforall.net\/wp-content\/uploads\/2024\/12\/image-5-1024x330.png\" alt=\"\" class=\"wp-image-652\" srcset=\"https:\/\/iaforall.net\/wp-content\/uploads\/2024\/12\/image-5-1024x330.png 1024w, https:\/\/iaforall.net\/wp-content\/uploads\/2024\/12\/image-5-300x97.png 300w, https:\/\/iaforall.net\/wp-content\/uploads\/2024\/12\/image-5-768x248.png 768w, https:\/\/iaforall.net\/wp-content\/uploads\/2024\/12\/image-5-1536x495.png 1536w, https:\/\/iaforall.net\/wp-content\/uploads\/2024\/12\/image-5-2048x660.png 2048w\" sizes=\"auto, (max-width: 1024px) 100vw, 1024px\" \/><\/figure>\n\n\n\n<h3 class=\"wp-block-heading\" id=\"bh-MHY3UPEA6uqoMJNtw6dkX\">Une \u00e9conomie de guerre, un conflit sans fin ?<\/h3>\n\n\n\n<p id=\"bh-JX2n_eJr8kOSCR2wI_HTO\">Certains observateurs, souvent tax\u00e9s de \u00ab\u00a0complotistes\u00a0\u00bb, avancent l&rsquo;id\u00e9e que des int\u00e9r\u00eats \u00e9conomiques et strat\u00e9giques mondiaux pourraient prolonger le conflit. Selon cette hypoth\u00e8se, l&rsquo;existence d&rsquo;une \u00ab\u00a0\u00e9conomie de guerre\u00a0\u00bb, o\u00f9 les enjeux financiers et g\u00e9opolitiques priment sur le bien-\u00eatre des populations, jouerait un r\u00f4le d\u00e9terminant. Bien que largement d\u00e9nigr\u00e9e dans les grands m\u00e9dias, cette th\u00e9orie suscite une r\u00e9flexion : et si cette guerre, au-del\u00e0 de ses racines historiques, \u00e9tait maintenue par des forces ext\u00e9rieures cherchant \u00e0 en tirer profit ?<\/p>\n\n\n\n<figure class=\"wp-block-image size-large\"><img loading=\"lazy\" decoding=\"async\" width=\"1024\" height=\"594\" src=\"https:\/\/iaforall.net\/wp-content\/uploads\/2024\/12\/napkin-selection-5-1024x594.png\" alt=\"\" class=\"wp-image-654\" srcset=\"https:\/\/iaforall.net\/wp-content\/uploads\/2024\/12\/napkin-selection-5-1024x594.png 1024w, https:\/\/iaforall.net\/wp-content\/uploads\/2024\/12\/napkin-selection-5-300x174.png 300w, https:\/\/iaforall.net\/wp-content\/uploads\/2024\/12\/napkin-selection-5-768x445.png 768w, https:\/\/iaforall.net\/wp-content\/uploads\/2024\/12\/napkin-selection-5.png 1200w\" sizes=\"auto, (max-width: 1024px) 100vw, 1024px\" \/><\/figure>\n\n\n\n<h3 class=\"wp-block-heading\" id=\"bh-8uUnjLziND74fMSpzZu2K\">Une acc\u00e9l\u00e9ration sous l\u2019administration Biden ?<\/h3>\n\n\n\n<p id=\"bh-DRGNX2899mfsRgr4LzXSV\">Depuis l\u2019\u00e9lection de Donald Trump, un constat semble se d\u00e9gager : l\u2019administration Biden intensifie son soutien \u00e0 l\u2019Ukraine, augmentant ainsi la tension avec la Russie. Certains y voient une tentative de rendre la situation irr\u00e9versible avant l\u2019arriv\u00e9e potentielle de Trump \u00e0 la Maison-Blanche. Cela soul\u00e8ve des questions troublantes : ces actions visent-elles \u00e0 donner tort \u00e0 Trump co\u00fbte que co\u00fbte, ou simplement \u00e0 s&rsquo;assurer que le conflit perdure pour des raisons strat\u00e9giques ou \u00e9conomiques ?<\/p>\n\n\n\n<h3 class=\"wp-block-heading\" id=\"bh-djiblBO0giA8rMKVM6P3r\">Gouverner pour les populations ou pour des int\u00e9r\u00eats sup\u00e9rieurs ?<\/h3>\n\n\n\n<p id=\"bh-6LKeyjqmxUd8iC0vewlqM\">Quelle que soit la raison r\u00e9elle derri\u00e8re ces d\u00e9cisions, un sentiment pr\u00e9domine : l\u2019impression que les int\u00e9r\u00eats des populations sont rel\u00e9gu\u00e9s au second plan. La gestion des conflits mondiaux, au lieu d\u2019apporter des solutions durables, semble parfois guid\u00e9e par des logiques de pouvoir ou d&rsquo;\u00e9conomie. Cela laisse planer un doute sur la gouvernance mondiale et ses v\u00e9ritables priorit\u00e9s.<\/p>\n","protected":false},"excerpt":{"rendered":"<p>Avant son \u00e9lection, Donald Trump avait affirm\u00e9 qu&rsquo;il mettrait fin \u00e0 la guerre en Ukraine en un jour s&rsquo;il acc\u00e9dait \u00e0 la pr\u00e9sidence. Cependant, il ne prendra ses fonctions, le cas \u00e9ch\u00e9ant, qu&rsquo;en janvier 2025. En attendant, ce conflit continue de polariser l&rsquo;opinion publique et de nourrir des th\u00e9ories vari\u00e9es, allant de la g\u00e9opolitique traditionnelle&#8230;<\/p>\n","protected":false},"author":1,"featured_media":0,"comment_status":"open","ping_status":"open","sticky":false,"template":"","format":"standard","meta":{"_kadence_starter_templates_imported_post":false,"_kad_post_transparent":"","_kad_post_title":"","_kad_post_layout":"","_kad_post_sidebar_id":"","_kad_post_content_style":"","_kad_post_vertical_padding":"","_kad_post_feature":"","_kad_post_feature_position":"","_kad_post_header":false,"_kad_post_footer":false,"_kad_post_classname":"","footnotes":""},"categories":[1],"tags":[],"class_list":["post-651","post","type-post","status-publish","format-standard","hentry","category-non-classe"],"_links":{"self":[{"href":"https:\/\/iaforall.net\/index.php?rest_route=\/wp\/v2\/posts\/651","targetHints":{"allow":["GET"]}}],"collection":[{"href":"https:\/\/iaforall.net\/index.php?rest_route=\/wp\/v2\/posts"}],"about":[{"href":"https:\/\/iaforall.net\/index.php?rest_route=\/wp\/v2\/types\/post"}],"author":[{"embeddable":true,"href":"https:\/\/iaforall.net\/index.php?rest_route=\/wp\/v2\/users\/1"}],"replies":[{"embeddable":true,"href":"https:\/\/iaforall.net\/index.php?rest_route=%2Fwp%2Fv2%2Fcomments&post=651"}],"version-history":[{"count":1,"href":"https:\/\/iaforall.net\/index.php?rest_route=\/wp\/v2\/posts\/651\/revisions"}],"predecessor-version":[{"id":657,"href":"https:\/\/iaforall.net\/index.php?rest_route=\/wp\/v2\/posts\/651\/revisions\/657"}],"wp:attachment":[{"href":"https:\/\/iaforall.net\/index.php?rest_route=%2Fwp%2Fv2%2Fmedia&parent=651"}],"wp:term":[{"taxonomy":"category","embeddable":true,"href":"https:\/\/iaforall.net\/index.php?rest_route=%2Fwp%2Fv2%2Fcategories&post=651"},{"taxonomy":"post_tag","embeddable":true,"href":"https:\/\/iaforall.net\/index.php?rest_route=%2Fwp%2Fv2%2Ftags&post=651"}],"curies":[{"name":"wp","href":"https:\/\/api.w.org\/{rel}","templated":true}]}}