{"id":682,"date":"2025-04-13T17:08:38","date_gmt":"2025-04-13T15:08:38","guid":{"rendered":"https:\/\/iaforall.net\/?p=682"},"modified":"2025-04-13T17:10:24","modified_gmt":"2025-04-13T15:10:24","slug":"pour-defendre-la-liberte-il-faut-defendre-la-prosperite","status":"publish","type":"post","link":"https:\/\/iaforall.net\/?p=682","title":{"rendered":"Pour d\u00e9fendre la libert\u00e9, il faut d\u00e9fendre la prosp\u00e9rit\u00e9"},"content":{"rendered":"\n<figure class=\"wp-block-image size-large\"><img loading=\"lazy\" decoding=\"async\" width=\"1024\" height=\"683\" src=\"https:\/\/iaforall.net\/wp-content\/uploads\/2025\/04\/image-1024x683.png\" alt=\"\" class=\"wp-image-683\" srcset=\"https:\/\/iaforall.net\/wp-content\/uploads\/2025\/04\/image-1024x683.png 1024w, https:\/\/iaforall.net\/wp-content\/uploads\/2025\/04\/image-300x200.png 300w, https:\/\/iaforall.net\/wp-content\/uploads\/2025\/04\/image-768x512.png 768w, https:\/\/iaforall.net\/wp-content\/uploads\/2025\/04\/image.png 1536w\" sizes=\"auto, (max-width: 1024px) 100vw, 1024px\" \/><\/figure>\n\n\n\n<p class=\"has-large-font-size\"><strong>Libert\u00e9 r\u00e9elle et prosp\u00e9rit\u00e9 : un duo indissociable<\/strong><\/p>\n\n\n\n<p>Qu&rsquo;est-ce que la libert\u00e9 sans prosp\u00e9rit\u00e9 ? Une promesse creuse. Un citoyen qui peine \u00e0 nourrir sa famille ou \u00e0 payer ses factures peut difficilement exercer pleinement sa libert\u00e9, a<strong>ccapar\u00e9 par la survie quotidienne<\/strong>. La libert\u00e9 r\u00e9elle suppose donc un m<strong>inimum de bien-\u00eatre mat\u00e9riel<\/strong> : <strong>ce n&rsquo;est pas un luxe, c&rsquo;est un pr\u00e9requis<\/strong>.<\/p>\n\n\n\n<p>Ce principe a \u00e9t\u00e9 reconnu m\u00eame par Franklin D. Roosevelt, qui \u00e9rigea en 1941 la <em>libert\u00e9 d&rsquo;\u00eatre \u00e0 l&rsquo;abri du besoin<\/em> au rang des libert\u00e9s fondamentales. En France, bien avant lui, le g\u00e9n\u00e9ral de Gaulle liait d\u00e9j\u00e0 v\u00e9rit\u00e9, rigueur et prosp\u00e9rit\u00e9, affirmant :<\/p>\n\n\n\n<figure class=\"wp-block-image size-large\"><img loading=\"lazy\" decoding=\"async\" width=\"1024\" height=\"683\" src=\"https:\/\/iaforall.net\/wp-content\/uploads\/2025\/04\/image-1-1024x683.png\" alt=\"\" class=\"wp-image-684\" srcset=\"https:\/\/iaforall.net\/wp-content\/uploads\/2025\/04\/image-1-1024x683.png 1024w, https:\/\/iaforall.net\/wp-content\/uploads\/2025\/04\/image-1-300x200.png 300w, https:\/\/iaforall.net\/wp-content\/uploads\/2025\/04\/image-1-768x512.png 768w, https:\/\/iaforall.net\/wp-content\/uploads\/2025\/04\/image-1.png 1536w\" sizes=\"auto, (max-width: 1024px) 100vw, 1024px\" \/><\/figure>\n\n\n\n<blockquote class=\"wp-block-quote is-layout-flow wp-block-quote-is-layout-flow\">\n<p>\u2014 G\u00e9n\u00e9ral Charles de Gaulle, 1958<br><a href=\"https:\/\/x.com\/VictorSinclair3\/status\/1904894853260902557\">Voir la vid\u00e9o<\/a><\/p>\n<\/blockquote>\n\n\n\n<p><a href=\"https:\/\/twitter.com\/VictorSinclair3\/status\/1904894853260902557\">https:\/\/twitter.com\/VictorSinclair3\/status\/1904894853260902557<\/a><\/p>\n\n\n\n<p>Il ne s\u2019agit pas ici de glorifier le PIB ou de sombrer dans le mat\u00e9rialisme \u00e9conomique. Il s\u2019agit de rappeler que sans prosp\u00e9rit\u00e9 partag\u00e9e, la libert\u00e9 demeure un concept vide. Une presse libre ou des \u00e9lections ouvertes n\u2019apportent rien \u00e0 un peuple accabl\u00e9 par la mis\u00e8re.<\/p>\n\n\n\n<h3 class=\"wp-block-heading\">Prosp\u00e9rit\u00e9 du citoyen vs. privil\u00e8ges des \u00e9lites<\/h3>\n\n\n\n<figure class=\"wp-block-image size-large\"><img loading=\"lazy\" decoding=\"async\" width=\"1024\" height=\"683\" src=\"https:\/\/iaforall.net\/wp-content\/uploads\/2025\/04\/image-2-1024x683.png\" alt=\"\" class=\"wp-image-685\" srcset=\"https:\/\/iaforall.net\/wp-content\/uploads\/2025\/04\/image-2-1024x683.png 1024w, https:\/\/iaforall.net\/wp-content\/uploads\/2025\/04\/image-2-300x200.png 300w, https:\/\/iaforall.net\/wp-content\/uploads\/2025\/04\/image-2-768x512.png 768w, https:\/\/iaforall.net\/wp-content\/uploads\/2025\/04\/image-2.png 1536w\" sizes=\"auto, (max-width: 1024px) 100vw, 1024px\" \/><\/figure>\n\n\n\n<p>D\u00e9fendre la prosp\u00e9rit\u00e9, ce n\u2019est pas d\u00e9fendre les 1% les plus riches. C\u2019est d\u00e9fendre le droit du citoyen ordinaire \u00e0 vivre dignement. Aimer son pays, c\u2019est vouloir que chaque concitoyen s\u2019\u00e9panouisse. La prosp\u00e9rit\u00e9, quand elle est r\u00e9ellement partag\u00e9e, est un facteur d\u2019\u00e9mancipation, pas d\u2019ali\u00e9nation.<\/p>\n\n\n\n<p>Prenons l\u2019exemple de la Suisse. Ce pays cumule haut niveau de vie, faible endettement, salaires confortables et libert\u00e9s civiques exemplaires. Contrairement \u00e0 une id\u00e9e re\u00e7ue, la prosp\u00e9rit\u00e9 suisse ne se limite pas \u00e0 une \u00e9lite : elle irrigue largement la soci\u00e9t\u00e9.<\/p>\n\n\n\n<p>Cette v\u00e9rit\u00e9 n&rsquo;est pas agr\u00e9able. Mais elle est essentielle. Elle nous rappelle que sans effort, sans lucidit\u00e9, sans gestion responsable, ni la prosp\u00e9rit\u00e9 ni la libert\u00e9 ne peuvent survivre bien longtemps. Et qu&rsquo;un peuple qui renonce \u00e0 la rigueur renonce peu \u00e0 peu \u00e0 sa souverainet\u00e9.<\/p>\n\n\n\n<h3 class=\"wp-block-heading\">La prosp\u00e9rit\u00e9 du citoyen, pas celle des oligarques<\/h3>\n\n\n\n<p>Il faut s\u00e9parer deux concepts trop souvent m\u00e9lang\u00e9s : la prosp\u00e9rit\u00e9 nationale, et l&rsquo;enrichissement de quelques-uns. D\u00e9fendre la prosp\u00e9rit\u00e9, ce n&rsquo;est pas \u00eatre le valet du capitalisme de connivence. C&rsquo;est vouloir que chaque citoyen puisse vivre dignement de son travail, \u00e9lever ses enfants, transmettre des rep\u00e8res. La France ne manque pas de richesses. Mais elle souffre d&rsquo;un syst\u00e8me qui confisque trop souvent le fruit de l&rsquo;effort au profit de structures inefficaces, de client\u00e9lismes chroniques, et de promesses jamais tenues.<\/p>\n\n\n\n<p>En 2017, Emmanuel Macron promettait 60 milliards d&rsquo;euros d&rsquo;\u00e9conomies chaque ann\u00e9e et  sur cinq ans. Il n&rsquo;en fit rien. Le d\u00e9ficit public n&rsquo;a cess\u00e9 de se creuser, atteignant pr\u00e8s de 6 % du PIB en 2024. Et pourtant, les services publics ne se sont pas am\u00e9lior\u00e9s. Ce ne sont pas les riches qui paient. Ce sont les classes moyennes qui trinquent.<\/p>\n\n\n\n<figure class=\"wp-block-embed is-type-rich is-provider-twitter wp-block-embed-twitter\"><div class=\"wp-block-embed__wrapper\">\nhttps:\/\/twitter.com\/rene_chiche\/status\/1908513149797515388\n<\/div><\/figure>\n\n\n\n<p>Pendant ce temps, en Suisse, la prosp\u00e9rit\u00e9 ne repose pas sur des incantations, mais sur des r\u00e8gles. Une dette ma\u00eetris\u00e9e. Un frein constitutionnel au d\u00e9ficit. Un respect de la responsabilit\u00e9 budg\u00e9taire. Et surtout : une confiance dans le peuple.<\/p>\n\n\n\n<h3 class=\"wp-block-heading\">D\u00e9mocratie directe : l&rsquo;antidote au d\u00e9clin ?<\/h3>\n\n\n\n<figure class=\"wp-block-image size-large\"><img loading=\"lazy\" decoding=\"async\" width=\"1024\" height=\"683\" src=\"https:\/\/iaforall.net\/wp-content\/uploads\/2025\/04\/image-3-1024x683.png\" alt=\"\" class=\"wp-image-686\" srcset=\"https:\/\/iaforall.net\/wp-content\/uploads\/2025\/04\/image-3-1024x683.png 1024w, https:\/\/iaforall.net\/wp-content\/uploads\/2025\/04\/image-3-300x200.png 300w, https:\/\/iaforall.net\/wp-content\/uploads\/2025\/04\/image-3-768x512.png 768w, https:\/\/iaforall.net\/wp-content\/uploads\/2025\/04\/image-3.png 1536w\" sizes=\"auto, (max-width: 1024px) 100vw, 1024px\" \/><\/figure>\n\n\n\n<p>La Suisse, justement. Le pays des votations. Trois \u00e0 quatre fois par an, les citoyens votent sur des sujets essentiels : retraites, fiscalit\u00e9, soci\u00e9t\u00e9. N&rsquo;importe quel groupe peut provoquer un vote s&rsquo;il r\u00e9unit suffisamment de signatures. Le peuple ne se contente pas de choisir ses repr\u00e9sentants. Il gouverne. Il tranche. Il corrige.<\/p>\n\n\n\n<p>Contrairement \u00e0 ce que racontent certains technocrates fran\u00e7ais, ce mod\u00e8le est parfaitement transposable. Il n&rsquo;exige qu&rsquo;une chose : de la confiance dans le peuple. Mais c&rsquo;est justement ce qui fait d\u00e9faut \u00e0 nos gouvernants. Ils veulent la libert\u00e9 pour eux, la surveillance pour nous. Le pouvoir pour eux, le d\u00e9l\u00e9guer pour nous.<\/p>\n\n\n\n<p>La d\u00e9mocratie directe n&rsquo;est pas parfaite. Mais elle permet au peuple de r\u00e9cup\u00e9rer ce qui lui a \u00e9t\u00e9 vol\u00e9 : le droit de choisir sa propre trajectoire.<\/p>\n\n\n\n<h3 class=\"wp-block-heading\">Prosp\u00e9rit\u00e9 et libert\u00e9 : deux piliers ins\u00e9parables<\/h3>\n\n\n\n<figure class=\"wp-block-image size-large\"><img loading=\"lazy\" decoding=\"async\" width=\"1024\" height=\"683\" src=\"https:\/\/iaforall.net\/wp-content\/uploads\/2025\/04\/image-5-1024x683.png\" alt=\"\" class=\"wp-image-688\" srcset=\"https:\/\/iaforall.net\/wp-content\/uploads\/2025\/04\/image-5-1024x683.png 1024w, https:\/\/iaforall.net\/wp-content\/uploads\/2025\/04\/image-5-300x200.png 300w, https:\/\/iaforall.net\/wp-content\/uploads\/2025\/04\/image-5-768x512.png 768w, https:\/\/iaforall.net\/wp-content\/uploads\/2025\/04\/image-5.png 1536w\" sizes=\"auto, (max-width: 1024px) 100vw, 1024px\" \/><\/figure>\n\n\n\n<p>Un pays libre, c&rsquo;est un pays prosp\u00e8re. Un pays prosp\u00e8re, c&rsquo;est un pays o\u00f9 la libert\u00e9 n&rsquo;est pas un mot mais une r\u00e9alit\u00e9. Cela suppose des institutions responsables, un peuple \u00e9clair\u00e9, et une volont\u00e9 commune de construire au lieu de consommer des promesses creuses.<\/p>\n\n\n\n<p>Aimer son pays, ce n&rsquo;est pas le couvrir de drapeaux et de slogans. C&rsquo;est se battre pour que ses enfants vivent mieux. Et pour cela, il faut retrouver le sens du vrai, de l&rsquo;effort, de la d\u00e9cision collective. Il faut redonner au peuple la ma\u00eetrise de sa prosp\u00e9rit\u00e9. Car sans prosp\u00e9rit\u00e9, il n&rsquo;y aura pas de libert\u00e9. Et sans libert\u00e9, il n&rsquo;y aura plus de France<\/p>\n\n\n\n<h3 class=\"wp-block-heading\">Conclusion : rendre le pouvoir au peuple<\/h3>\n\n\n\n<p>Prosp\u00e9rit\u00e9 et libert\u00e9 sont les deux piliers d&rsquo;une nation digne. Quand l&rsquo;une faiblit, l&rsquo;autre vacille. D\u00e9fendre la prosp\u00e9rit\u00e9 du citoyen, c\u2019est pr\u00e9server sa libert\u00e9. Et lui redonner le pouvoir de d\u00e9cider, c\u2019est garantir que cette prosp\u00e9rit\u00e9 sera orient\u00e9e vers le bien commun.<\/p>\n\n\n\n<p>Ne pas le faire, c\u2019est trahir l\u2019id\u00e9al r\u00e9publicain inscrit au fronton de nos mairies :<\/p>\n\n\n\n<blockquote class=\"wp-block-quote is-layout-flow wp-block-quote-is-layout-flow\">\n<p><strong>Libert\u00e9, \u00c9galit\u00e9, Fraternit\u00e9.<\/strong><\/p>\n\n\n\n<figure class=\"wp-block-image size-large\"><img loading=\"lazy\" decoding=\"async\" width=\"1024\" height=\"683\" src=\"https:\/\/iaforall.net\/wp-content\/uploads\/2025\/04\/image-7-1024x683.png\" alt=\"\" class=\"wp-image-692\" srcset=\"https:\/\/iaforall.net\/wp-content\/uploads\/2025\/04\/image-7-1024x683.png 1024w, https:\/\/iaforall.net\/wp-content\/uploads\/2025\/04\/image-7-300x200.png 300w, https:\/\/iaforall.net\/wp-content\/uploads\/2025\/04\/image-7-768x512.png 768w, https:\/\/iaforall.net\/wp-content\/uploads\/2025\/04\/image-7.png 1536w\" sizes=\"auto, (max-width: 1024px) 100vw, 1024px\" \/><\/figure>\n<\/blockquote>\n","protected":false},"excerpt":{"rendered":"<p>Libert\u00e9 r\u00e9elle et prosp\u00e9rit\u00e9 : un duo indissociable Qu&rsquo;est-ce que la libert\u00e9 sans prosp\u00e9rit\u00e9 ? Une promesse creuse. Un citoyen qui peine \u00e0 nourrir sa famille ou \u00e0 payer ses factures peut difficilement exercer pleinement sa libert\u00e9, accapar\u00e9 par la survie quotidienne. La libert\u00e9 r\u00e9elle suppose donc un minimum de bien-\u00eatre mat\u00e9riel : ce n&rsquo;est&#8230;<\/p>\n","protected":false},"author":1,"featured_media":0,"comment_status":"open","ping_status":"open","sticky":false,"template":"","format":"standard","meta":{"_kadence_starter_templates_imported_post":false,"_kad_post_transparent":"","_kad_post_title":"","_kad_post_layout":"normal","_kad_post_sidebar_id":"","_kad_post_content_style":"","_kad_post_vertical_padding":"","_kad_post_feature":"","_kad_post_feature_position":"","_kad_post_header":false,"_kad_post_footer":false,"_kad_post_classname":"","footnotes":""},"categories":[25],"tags":[],"class_list":["post-682","post","type-post","status-publish","format-standard","hentry","category-le-monde-selon-ihdad"],"_links":{"self":[{"href":"https:\/\/iaforall.net\/index.php?rest_route=\/wp\/v2\/posts\/682","targetHints":{"allow":["GET"]}}],"collection":[{"href":"https:\/\/iaforall.net\/index.php?rest_route=\/wp\/v2\/posts"}],"about":[{"href":"https:\/\/iaforall.net\/index.php?rest_route=\/wp\/v2\/types\/post"}],"author":[{"embeddable":true,"href":"https:\/\/iaforall.net\/index.php?rest_route=\/wp\/v2\/users\/1"}],"replies":[{"embeddable":true,"href":"https:\/\/iaforall.net\/index.php?rest_route=%2Fwp%2Fv2%2Fcomments&post=682"}],"version-history":[{"count":2,"href":"https:\/\/iaforall.net\/index.php?rest_route=\/wp\/v2\/posts\/682\/revisions"}],"predecessor-version":[{"id":693,"href":"https:\/\/iaforall.net\/index.php?rest_route=\/wp\/v2\/posts\/682\/revisions\/693"}],"wp:attachment":[{"href":"https:\/\/iaforall.net\/index.php?rest_route=%2Fwp%2Fv2%2Fmedia&parent=682"}],"wp:term":[{"taxonomy":"category","embeddable":true,"href":"https:\/\/iaforall.net\/index.php?rest_route=%2Fwp%2Fv2%2Fcategories&post=682"},{"taxonomy":"post_tag","embeddable":true,"href":"https:\/\/iaforall.net\/index.php?rest_route=%2Fwp%2Fv2%2Ftags&post=682"}],"curies":[{"name":"wp","href":"https:\/\/api.w.org\/{rel}","templated":true}]}}